{"id":1933,"date":"2019-02-08T00:37:30","date_gmt":"2019-02-07T22:37:30","guid":{"rendered":"https:\/\/www.vremea.ro\/gt\/?p=1933"},"modified":"2019-02-08T00:40:47","modified_gmt":"2019-02-07T22:40:47","slug":"cum-va-fi-vremea-in-weekend-ul-9-10-februarie","status":"publish","type":"post","link":"https:\/\/www.vremea.ro\/gt\/cum-va-fi-vremea-in-weekend-ul-9-10-februarie\/","title":{"rendered":"Cum va fi vremea \u00een weekend-ul 9 &#8211; 10 februarie"},"content":{"rendered":"<p>Sf\u00e2r\u0219itul de s\u0103pt\u0103m\u00e2n\u0103 va fi unul frumos din punct de vedere meteorologic, precipita\u021biile urm\u00e2nd s\u0103 lipseasc\u0103 cu des\u0103v\u00e2r\u0219ire de pe teritoriul \u021b\u0103rii noastre. Valorile termice vor fi mai ridicate fa\u021b\u0103 de normalul climatologic al perioadei \u00een toat\u0103 \u021bara (chiar considerabil mai ridicate duminic\u0103), \u00een urma unei advec\u021bii de aer cald pe partea anterioar\u0103 a unei depresiuni situat\u0103 \u00een nordul Marii Britanii.<br \/>\n<!--more--><\/p>\n<div id=\"attachment_1934\" style=\"width: 310px\" class=\"wp-caption aligncenter\"><a href=\"https:\/\/www.vremea.ro\/gt\/cum-va-fi-vremea-in-weekend-ul-9-10-februarie\/gfs_t2ma_eu_13-6\/\" rel=\"attachment wp-att-1934\"><img loading=\"lazy\" decoding=\"async\" aria-describedby=\"caption-attachment-1934\" src=\"https:\/\/www.vremea.ro\/gt\/wp-content\/uploads\/2019\/02\/gfs_T2ma_eu_13-300x222.png\" alt=\"\" width=\"300\" height=\"222\" class=\"size-medium wp-image-1934\" srcset=\"https:\/\/www.vremea.ro\/gt\/wp-content\/uploads\/2019\/02\/gfs_T2ma_eu_13-300x222.png 300w, https:\/\/www.vremea.ro\/gt\/wp-content\/uploads\/2019\/02\/gfs_T2ma_eu_13-768x568.png 768w, https:\/\/www.vremea.ro\/gt\/wp-content\/uploads\/2019\/02\/gfs_T2ma_eu_13.png 1024w, https:\/\/www.vremea.ro\/gt\/wp-content\/uploads\/2019\/02\/gfs_T2ma_eu_13-624x461.png 624w\" sizes=\"auto, (max-width: 300px) 100vw, 300px\" \/><\/a><p id=\"caption-attachment-1934\" class=\"wp-caption-text\">Abaterile termice estimate a se inregistra in cursul dupa-amiezii de duminica. Toata tara noastra se va afla sub incidenta unor temperaturi foarte ridicate pentru prima decada a lunii februarie, cele mai importante abateri termice pozitive urmand a se inregistra in zonele de deal si de munte. Sursa: tropicaltidbits.com, model GFS.<\/p><\/div>\n<p>Vineri vremea va fi in general frumoasa in toata tara, cu un cer variabil. Vantul va sufla slab pana la moderat in zona litorala si mai mult slab in rest. Temperaturile maxime vor fi cuprinse in general intre 3 si 8 grade Celsius la nivelul intregii tari, cu cele mai scazute valori asteptate a se inregistra in nordul Moldovei, iar cele mai ridicate in Dealurile de Vest.<\/p>\n<p>Sambata vremea va fi frumoasa aproape peste tot, doar dimineata in zonele depresionare urmand sa existe conditii pentru aparitia temporara a cetii. Vantul va sufla slab in cea mai mare parte a teritoriului, cel mult slab pana la moderat pe litoral si pe crestele montane. Temperaturile maxime vor fi situate in general intre 1 si 6 grade in Transilvania, Maramures si Moldova (cu cele mai scazute valori asteptate in depresiunile din estul Transilvaniei) si 4-9 grade in Crisana, Banat, Oltenia, Muntenia si Dobrogea.<\/p>\n<p>Duminica vremea va fi deosebit de calda pentru aceasta perioada a anului. Cerul va fi mai mult senin aproape peste tot, cu exceptia depresiunilor intramontane, unde din nou vor exista conditii de aparitie a cetii in prima parte a zilei, potrivit prognozei Vremea.ro. Vantul va sufla slab pana la moderat in vestul extrem al tarii si mai mult slab in rest. Temperaturile maxime se vor incadra in general intre 4 si 9 grade Celsius in Transilvania si Maramures, 8-13 grade in Banat, Crisana, Oltenia, Muntenia si Dobrogea si 6-11 grade in Moldova, cu cele mai scazute valori asteptate a se inregistra in extremitatea nordica a regiunii.<\/p>\n<p>\u00a9 2019 \u2014 Toate drepturile rezervate Vremea.ro, preluarea informa\u021biilor \u00een alt scop dec\u00e2t pentru uz personal este strict interzis\u0103 \u00een lipsa unui acord \u00een scris.<\/p>\n","protected":false},"excerpt":{"rendered":"<p>Sf\u00e2r\u0219itul de s\u0103pt\u0103m\u00e2n\u0103 va fi unul frumos din punct de vedere meteorologic, precipita\u021biile urm\u00e2nd s\u0103 lipseasc\u0103 cu des\u0103v\u00e2r\u0219ire de pe teritoriul \u021b\u0103rii noastre. Valorile termice vor fi mai ridicate fa\u021b\u0103 de normalul climatologic al perioadei \u00een toat\u0103 \u021bara (chiar considerabil mai ridicate duminic\u0103), \u00een urma unei advec\u021bii de aer cald pe partea anterioar\u0103 a unei depresiuni situat\u0103 \u00een nordul Marii Britanii. <\/p>\n","protected":false},"author":1,"featured_media":1934,"comment_status":"open","ping_status":"closed","sticky":false,"template":"","format":"standard","meta":{"jetpack_post_was_ever_published":false,"_jetpack_newsletter_access":"","_jetpack_dont_email_post_to_subs":false,"_jetpack_newsletter_tier_id":0,"_jetpack_memberships_contains_paywalled_content":false,"_jetpack_memberships_contains_paid_content":false,"footnotes":""},"categories":[9],"tags":[5,12],"class_list":["post-1933","post","type-post","status-publish","format-standard","has-post-thumbnail","hentry","category-weekend","tag-util","tag-vremea-in-februarie"],"jetpack_featured_media_url":"https:\/\/www.vremea.ro\/gt\/wp-content\/uploads\/2019\/02\/gfs_T2ma_eu_13.png","jetpack_sharing_enabled":true,"_links":{"self":[{"href":"https:\/\/www.vremea.ro\/gt\/wp-json\/wp\/v2\/posts\/1933","targetHints":{"allow":["GET"]}}],"collection":[{"href":"https:\/\/www.vremea.ro\/gt\/wp-json\/wp\/v2\/posts"}],"about":[{"href":"https:\/\/www.vremea.ro\/gt\/wp-json\/wp\/v2\/types\/post"}],"author":[{"embeddable":true,"href":"https:\/\/www.vremea.ro\/gt\/wp-json\/wp\/v2\/users\/1"}],"replies":[{"embeddable":true,"href":"https:\/\/www.vremea.ro\/gt\/wp-json\/wp\/v2\/comments?post=1933"}],"version-history":[{"count":3,"href":"https:\/\/www.vremea.ro\/gt\/wp-json\/wp\/v2\/posts\/1933\/revisions"}],"predecessor-version":[{"id":1937,"href":"https:\/\/www.vremea.ro\/gt\/wp-json\/wp\/v2\/posts\/1933\/revisions\/1937"}],"wp:featuredmedia":[{"embeddable":true,"href":"https:\/\/www.vremea.ro\/gt\/wp-json\/wp\/v2\/media\/1934"}],"wp:attachment":[{"href":"https:\/\/www.vremea.ro\/gt\/wp-json\/wp\/v2\/media?parent=1933"}],"wp:term":[{"taxonomy":"category","embeddable":true,"href":"https:\/\/www.vremea.ro\/gt\/wp-json\/wp\/v2\/categories?post=1933"},{"taxonomy":"post_tag","embeddable":true,"href":"https:\/\/www.vremea.ro\/gt\/wp-json\/wp\/v2\/tags?post=1933"}],"curies":[{"name":"wp","href":"https:\/\/api.w.org\/{rel}","templated":true}]}}