{"id":2293,"date":"2019-12-29T12:15:57","date_gmt":"2019-12-29T10:15:57","guid":{"rendered":"https:\/\/www.vremea.ro\/gt\/?p=2293"},"modified":"2019-12-29T13:46:24","modified_gmt":"2019-12-29T11:46:24","slug":"prognoza-pentru-30-decembrie-2-ianuarie-vremea-de-revelion","status":"publish","type":"post","link":"https:\/\/www.vremea.ro\/gt\/prognoza-pentru-30-decembrie-2-ianuarie-vremea-de-revelion\/","title":{"rendered":"Prognoza pentru 30 decembrie &#8211; 2 ianuarie. Vremea de Revelion"},"content":{"rendered":"<p>Ultimele zile din anul 2019 \u0219i primele zile din 2020 vor aduce o vreme mai cald\u0103 \u00een compara\u021bie cu media climatologic\u0103 a perioadei, \u00een pofida unei advec\u021bii de aer mai rece dinspre nordul continentului (\u00een prima parte a intervalului). Un vast anticiclon pozi\u021bionat \u00een centrul Europei va face ca vremea \u00een \u021bara noastr\u0103 s\u0103 fie stabil\u0103, cu pu\u021bine precipita\u021bii. Doar \u00een jum\u0103tatea estic\u0103 a \u021b\u0103rii, unde izobarele vor fi mai str\u00e2nse ca urmare a proximit\u0103\u021bii unui c\u00e2mp depresionar centrat \u00een Rusia european\u0103, vor mai c\u0103dea local c\u00e2teva precipita\u021bii mixte slabe.<br \/>\n<!--more--><\/p>\n<p><strong>Luni<\/strong> vremea va fi in general inchisa indeosebi in partea estica a tarii, unde in prima parte a zilei vor cadea local ninsori slabe cantitativ (pana la 5 centimetri de zapada se vor depune pe Coasta Ia\u0219ilor). In centrul tarii, ca urmare a inseninarii cerului in cursul noptii, temperaturile minime vor fi destul de scazute si se vor apropia de pragul gerului pe vai si in depresiunile intramontane.<br \/>\nVantul va sufla moderat spre tare in sud-estul tarii si slab, cel mult slab pana la moderat in restul regiunilor. Temperaturile maxime vor fi cuprinse in general intre -5 si 0 grade Celsius in Transilvania si Maramures (cu cele mai scazute valori asteptate a se inregistra in depresiunile din estul Transilvaniei), -2&#8230;3 grade in Banat si Crisana, 0-5 grade in Oltenia, Muntenia si Dobrogea si -3&#8230;2 grade in Moldova.<\/p>\n<p><strong>Marti<\/strong>, in Ajunul Anului Nou cerul va fi variabil in prima parte a zilei, insa dupa orele pranzului norii vor strange randurile din nou in estul tarii, unde local se vor semnala precipitatii mixte, dar slabe cantitativ, potrivit prognozei Vremea.ro.<br \/>\nVantul va sufla tare la munte, moderat in sud-est si mai mult slab in restul teritoriului. Temperaturile maxime se vor situa in general intre -5 si 0 grade in Transilvania si Maramures, -2&#8230;3 grade in Banat si Crisana si 1&#8230;6 grade in Oltenia, Muntenia, Dobrogea si Moldova, cu cele mai ridicate valori asteptate in zonele subcarpatice.<\/p>\n<p><strong>Miercuri<\/strong>, in prima zi a anului 2020, vor cadea precipitatii mixte slabe in sud-estul teritoriului (mai ales in prima parte a zilei), in timp ce la munte va ninge si se va mai depune un strat de zapada de pana la 5-10 centimetri.<br \/>\nVantul va sufla tare in Moldova, Dobrogea si la munte (cu rafale de pana la 70-80 de km\/h) si in general moderat in celelalte regiuni. Maximele termice vor urca la pranz pana spre -3&#8230;2 grade Celsius in Transilvania si Maramures, -1&#8230;4 grade in Banat si Crisana, 3-8 grade in Oltenia, Muntenia si Dobrogea si 0-5 grade in Moldova, cu cele mai scazute valori asteptate a se inregistra in zona Obcinelor Bucovinei.<\/p>\n<div id=\"attachment_2294\" style=\"width: 310px\" class=\"wp-caption aligncenter\"><a href=\"https:\/\/www.vremea.ro\/gt\/prognoza-pentru-30-decembrie-2-ianuarie-vremea-de-revelion\/de_model-de-310-1_moddeuhd_2019122906_87_958_294\/\" rel=\"attachment wp-att-2294\"><img loading=\"lazy\" decoding=\"async\" aria-describedby=\"caption-attachment-2294\" src=\"https:\/\/www.vremea.ro\/gt\/wp-content\/uploads\/2019\/12\/de_model-de-310-1_moddeuhd_2019122906_87_958_294-300x300.png\" alt=\"\" width=\"300\" height=\"300\" class=\"size-medium wp-image-2294\" srcset=\"https:\/\/www.vremea.ro\/gt\/wp-content\/uploads\/2019\/12\/de_model-de-310-1_moddeuhd_2019122906_87_958_294-300x300.png 300w, https:\/\/www.vremea.ro\/gt\/wp-content\/uploads\/2019\/12\/de_model-de-310-1_moddeuhd_2019122906_87_958_294-150x150.png 150w, https:\/\/www.vremea.ro\/gt\/wp-content\/uploads\/2019\/12\/de_model-de-310-1_moddeuhd_2019122906_87_958_294-624x624.png 624w, https:\/\/www.vremea.ro\/gt\/wp-content\/uploads\/2019\/12\/de_model-de-310-1_moddeuhd_2019122906_87_958_294.png 760w\" sizes=\"auto, (max-width: 300px) 100vw, 300px\" \/><\/a><p id=\"caption-attachment-2294\" class=\"wp-caption-text\">Stratul de zapada estimat a se depune pana in seara zilei de miercuri. In estul tarii va ninge temporar si se va depune un strat de zapada de pana la 5-10 centimetri pe intreg parcursul intervalului. Si la Bucuresti se vor semnala precipitatii slabe sub forma de lapovita si ninsoare, insa strat de zapada se va depune doar in zonele periferice ale orasului (1-3 centimetri), datorita insulei de caldura urbana a Capitalei. Sursa: kachelmannwetter.com, model ICON-EU.<\/p><\/div>\n<p><strong>Joi<\/strong> vremea se va ameliora ca aspect iar cerul va deveni variabil in toata tara. Doar in primele ore ale diminetii vor mai cadea izolat cateva ninsori slabe in Moldova si in zona Carpatilor Orientali.<br \/>\nVantul va sufla moderat la munte si in Dobrogea si slab, cel mult slab pana la moderat in restul tarii. Temperaturile maxime vor fi incadrate in general intre -3 si 2 grade in Transilvania si Maramures, -1&#8230;4 grade in Banat si Crisana si 1-6 grade in Oltenia, Muntenia, Dobrogea si Moldova, cu cele mai ridicate valori asteptate in sud-vestul Olteniei.<\/p>\n","protected":false},"excerpt":{"rendered":"<p>Ultimele zile din anul 2019 \u0219i primele zile din 2020 vor aduce o vreme mai cald\u0103 \u00een compara\u021bie cu media climatologic\u0103 a perioadei, \u00een pofida unei advec\u021bii de aer mai rece dinspre nordul continentului (\u00een prima parte a intervalului). Un vast anticiclon pozi\u021bionat \u00een centrul Europei va face ca vremea \u00een Rom\u00e2nia s\u0103 fie stabil\u0103, cu pu\u021bine precipita\u021bii. Doar \u00een jum\u0103tatea estic\u0103 a \u021b\u0103rii, unde izobarele vor fi mai str\u00e2nse ca urmare a proximit\u0103\u021bii unui c\u00e2mp depresionar centrat \u00een Rusia european\u0103, vor mai c\u0103dea local c\u00e2teva precipita\u021bii mixte slabe.<\/p>\n","protected":false},"author":1,"featured_media":2288,"comment_status":"open","ping_status":"closed","sticky":false,"template":"","format":"standard","meta":{"jetpack_post_was_ever_published":false,"_jetpack_newsletter_access":"","_jetpack_dont_email_post_to_subs":false,"_jetpack_newsletter_tier_id":0,"_jetpack_memberships_contains_paywalled_content":false,"_jetpack_memberships_contains_paid_content":false,"footnotes":""},"categories":[7],"tags":[5,21,11],"class_list":["post-2293","post","type-post","status-publish","format-standard","has-post-thumbnail","hentry","category-previziuni","tag-util","tag-vremea-in-decembrie","tag-vremea-in-ianuarie"],"jetpack_featured_media_url":"https:\/\/www.vremea.ro\/gt\/wp-content\/uploads\/2019\/12\/cover-fbi1.jpg","jetpack_sharing_enabled":true,"_links":{"self":[{"href":"https:\/\/www.vremea.ro\/gt\/wp-json\/wp\/v2\/posts\/2293","targetHints":{"allow":["GET"]}}],"collection":[{"href":"https:\/\/www.vremea.ro\/gt\/wp-json\/wp\/v2\/posts"}],"about":[{"href":"https:\/\/www.vremea.ro\/gt\/wp-json\/wp\/v2\/types\/post"}],"author":[{"embeddable":true,"href":"https:\/\/www.vremea.ro\/gt\/wp-json\/wp\/v2\/users\/1"}],"replies":[{"embeddable":true,"href":"https:\/\/www.vremea.ro\/gt\/wp-json\/wp\/v2\/comments?post=2293"}],"version-history":[{"count":4,"href":"https:\/\/www.vremea.ro\/gt\/wp-json\/wp\/v2\/posts\/2293\/revisions"}],"predecessor-version":[{"id":2298,"href":"https:\/\/www.vremea.ro\/gt\/wp-json\/wp\/v2\/posts\/2293\/revisions\/2298"}],"wp:featuredmedia":[{"embeddable":true,"href":"https:\/\/www.vremea.ro\/gt\/wp-json\/wp\/v2\/media\/2288"}],"wp:attachment":[{"href":"https:\/\/www.vremea.ro\/gt\/wp-json\/wp\/v2\/media?parent=2293"}],"wp:term":[{"taxonomy":"category","embeddable":true,"href":"https:\/\/www.vremea.ro\/gt\/wp-json\/wp\/v2\/categories?post=2293"},{"taxonomy":"post_tag","embeddable":true,"href":"https:\/\/www.vremea.ro\/gt\/wp-json\/wp\/v2\/tags?post=2293"}],"curies":[{"name":"wp","href":"https:\/\/api.w.org\/{rel}","templated":true}]}}