{"id":2330,"date":"2020-01-30T23:01:49","date_gmt":"2020-01-30T21:01:49","guid":{"rendered":"https:\/\/www.vremea.ro\/gt\/?p=2330"},"modified":"2021-01-16T11:12:57","modified_gmt":"2021-01-16T09:12:57","slug":"vremea-in-luna-februarie-2020","status":"publish","type":"post","link":"https:\/\/www.vremea.ro\/gt\/vremea-in-luna-februarie-2020\/","title":{"rendered":"Vremea \u00een luna februarie 2020"},"content":{"rendered":"<p>\u00cen mod istoric, februarie este luna \u00een care \u00een \u021bara noastr\u0103 se produc cele mai multe episoade cu viscol \u0219i z\u0103pad\u0103 abundent\u0103 dintre toate lunile de iarn\u0103. Totu\u0219i, luna februarie 2020 va face abstrac\u021bie de la aceast\u0103 \u201cregula\u201d, de\u0219i \u00een a dou\u0103 parte a lunii aspectul vremii va fi ceva mai hibernal. Valorile pozitive ale oscila\u021biei arctice (AO) \u0219i nord-atlantice (NAO) vor contribui decisiv la men\u021binerea unei circula\u021bii zonale la nivelul Europei (mase de aer cald venite dinspre vest de pe Oceanul Atlantic), iar pe cale de consecin\u021b\u0103, pe l\u00e2ng\u0103 precipita\u021biile relativ pu\u021bine a\u0219teptate s\u0103 cad\u0103 \u00een Rom\u00e2nia, \u0219i temperaturile se vor men\u021bine peste media climatologic\u0103 a anilor 1981-2010 (media de referin\u021b\u0103 la care se raporteaz\u0103 \u00een mod curent institutele meteorologice din \u00eentreag\u0103 lume).<br \/>\n<!--more--><\/p>\n<p><strong>Nou: <a href=\"https:\/\/www.vremea.ro\/gt\/vremea-in-luna-februarie-2021\/\">Vremea \u00een februarie 2021<\/a>!<\/strong><\/p>\n<h2>Prognoza pentru primele 10 zile din februarie 2020<\/h2>\n<p> Prima decad\u0103 a lunii februarie va aduce o vreme similar\u0103 cu cea \u00eenregistrat\u0103 \u00een cea mai mare parte a lunii ianuarie, respectiv condi\u021bii anticiclonice asociate maximului de presiune azoric: vreme cald\u0103 \u0219i frumoas\u0103 la munte, iar la \u0219es nebulozitate de tip stratiform (cea\u021b\u0103 sau nori stratus \u0219i stratocumulus), ce vor bloca radia\u021bia solar\u0103 \u0219i vor men\u021bine temperaturile la valori ceva mai apropiate de media climatologic\u0103 a perioadei. <\/p>\n<p>Ca de obicei, nu vor lipsi fenomenele asociate cu acest tipar al vremii: burni\u021be \u0219i fulguieli slabe, iar \u00een zonele depresionare din Transilvania cea\u021ba va fi asociat\u0103 \u0219i cu chiciur\u0103. <\/p>\n<h2>Vremea pentru zilele 11 &#8211; 20 ale lunii februarie<\/h2>\n<p>A dou\u0103 decad\u0103 a lunii februarie va propune o activare a circula\u021biei atmosferice pe teritoriul \u021b\u0103rii noastre, \u00eens\u0103 f\u0103r\u0103 premisele de instalare a unui blocaj anticiclonic de tip scandinav sau siberian. Astfel, Vremea.ro prognozeaz\u0103 c\u0103 \u00een vestul, centrul \u0219i nordul \u021b\u0103rii o serie de fronturi atmosferice vor aduce precipita\u021bii mixte pe spa\u021bii relativ extinse, \u00een timp ce la munte se vor semnala exclusiv ninsori. <\/p>\n<p>Cantit\u0103\u021bile de ap\u0103 estimate a se acumula vor fi moderate, iar numai local la altitudini de peste 500 de metri se va depune un strat sub\u021bire de z\u0103pad\u0103. \u00cen condi\u021biile intensific\u0103rii circula\u021biei vestice a aerului, inversiunile termice se vor \u201csparge\u201d, iar temperaturile vor cre\u0219te \u00een toate regiunile \u021b\u0103rii, dar mai cu seam\u0103 \u00een zonele deluroase din sud \u0219i est, unde se vor \u00eenregistra maxime termice de p\u00e2n\u0103 la 15 grade Celsius. <\/p>\n<p><b><a href=\"#mail\"><span style=\"color:#3366ff\">Prime\u0219te urm\u0103toarea prognoz\u0103 pe email<\/span><\/a><\/b><\/p>\n<h2>Prognoza pentru ultima parte a lunii<\/h2>\n<p> \u00cen a treia decad\u0103 a lunii februarie ne putem a\u0219tepta \u00een sf\u00e2r\u0219it la un episod cu z\u0103pad\u0103 \u0219i chiar viscol \u00een sudul \u0219i \u00een estul \u021b\u0103rii, de\u0219i aceste fenomene nu vor fi de durat\u0103. O sl\u0103bire a vortexului polar spre finalul lunii va aduce un aer mai rece dinspre Scandinavia c\u0103tre latitudini mai sudice, aer care odat\u0103 intrat \u00een Marea Mediteran\u0103 va contribui la formarea a unul sau dou\u0103 cicloane ce vor migra c\u0103tre teritoriul \u021b\u0103rii noastre. <\/p>\n<p> \u00cen sud-estul extrem precipita\u021biile vor fi preponderent sub form\u0103 de ploaie, \u00een timp ce \u00een restul zonelor vor c\u0103dea mai ales ninsori \u0219i se va depune un strat de z\u0103pad\u0103 moderat ca grosime (p\u00e2n\u0103 la 20-30 de centimetri). <\/p>\n<p> \u00cen urma z\u0103pezilor vor fi \u0219i c\u00e2teva zile \u00een care se va semnala ger inclusiv \u00een sudul \u021b\u0103rii, iar \u00een depresiunile din estul Transilvaniei valorile termice minime se vor apropia de pragul de -20 de grade Celsius. <\/p>\n<p> Din punct de vedere termic vremea va fi u\u0219or mai rece fa\u021b\u0103 de media climatologic\u0103 a ultimei decade a lunii februarie, \u00eens\u0103 per ansamblu \u00eentreaga luna se va situa peste normalul climatologic la nivel na\u021bional cu p\u00e2n\u0103 la 2 grade Celsius. <\/p>\n<div id=\"attachment_2331\" style=\"width: 310px\" class=\"wp-caption aligncenter\"><a title=\"Temperatura februarie\" href=\"https:\/\/www.vremea.ro\/gt\/vremea-in-luna-februarie-2020\/februarie-2020\/\" rel=\"attachment wp-att-2331\"><img loading=\"lazy\" decoding=\"async\" aria-describedby=\"caption-attachment-2331\" class=\"size-medium wp-image-2331\" src=\"https:\/\/www.vremea.ro\/gt\/wp-content\/uploads\/2020\/01\/februarie-2020-300x232.gif\" alt=\"temperatura februarie\" width=\"300\" height=\"232\" srcset=\"https:\/\/www.vremea.ro\/gt\/wp-content\/uploads\/2020\/01\/februarie-2020-300x232.gif 300w, https:\/\/www.vremea.ro\/gt\/wp-content\/uploads\/2020\/01\/februarie-2020-768x593.gif 768w, https:\/\/www.vremea.ro\/gt\/wp-content\/uploads\/2020\/01\/februarie-2020-1024x791.gif 1024w, https:\/\/www.vremea.ro\/gt\/wp-content\/uploads\/2020\/01\/februarie-2020-624x482.gif 624w\" sizes=\"auto, (max-width: 300px) 100vw, 300px\" \/><\/a><p id=\"caption-attachment-2331\" class=\"wp-caption-text\">Abaterile termice estimate a se \u00eenregistra pe parcursul lunii februarie. Circula\u021bia zonala (de la vest c\u0103tre est) va aduce in cea mai mare parte a lunii mase de aer cald dinspre Oceanul Atlantic, astfel \u00eenc\u00e2t aproape \u00eentreaga Europ\u0103 va fi sub incidenta unor abateri termice pozitive. Click pe imagine pentru detalii. Sursa: NOAA, model CFSv2<\/p><\/div>\n<p><b><a href=\"https:\/\/www.vremea.ro\/\" class=\"share-button twitter\"><span style=\"color:#000\">Vezi prognoza pentru ora\u0219ul t\u0103u<\/span><\/a><\/b><\/p>\n<p>Not\u0103: desi iarna 2019 &#8211; 2020 la final va fi consemnata ca o anomalie datorita caldurii excesive si a lipsei zapezii (precum s-a intamplat in iarna 2006 &#8211; 2007), urmarind sirurile climatologice de date putem observa faptul ca astfel de ierni au mai avut loc si in trecut (in anii &#8217;70 sau in anii &#8217;90, dar si la inceputul secolului trecut), astfel incat o asemenea iarna nu ar trebui pusa pe seama \u201cschimbarilor climatice\u201d, ci ea face parte, in mod natural, din ciclurile climatice prin care Planeta noastra isi regleaza anumite dezechilibre.<\/p>\n<p><b>Prognozele www.Vremea.ro sunt disponibile de cur\u00e2nd \u0219i pentru ora\u0219ele mai mici de mai jos:<\/b><\/p>\n<p><a href=\"https:\/\/www.vremea.ro\/botosani\/dorohoi\/\">Dorohoi<\/a><br \/>\n<a href=\"https:\/\/www.vremea.ro\/cluj\/gherla\/\">Gherla<\/a><br \/>\n<a href=\"https:\/\/www.vremea.ro\/galati\/targubujor\/\">Tg. Bujor<\/a><br \/>\n<a href=\"https:\/\/www.vremea.ro\/hunedoara\/calan\/\">Calan<\/a><br \/>\n<a href=\"\/\/www.vremea.ro\/mures\/reghin\/\">Reghin<\/a><br \/>\n<a href=\"\/\/www.vremea.ro\/olt\/bals\/\">Bals<\/a><br \/>\n<a href=\"https:\/\/www.vremea.ro\/prahova\/busteni\/\">Bu\u0219teni<\/a><br \/>\n<a href=\"https:\/\/www.vremea.ro\/dolj\/filiasi\/\">Filiasi<\/a><br \/>\n<a href=\"https:\/\/www.vremea.ro\/maramures\/cavnic\/\">Cavnic<\/a><br \/>\n<a href=\"https:\/\/www.vremea.ro\/mures\/ungheni\/\">Ungheni<\/a><br \/>\n<a href=\"\/\/vremea.ido.ro\/Sangeorgiu_de_Mures~667033.htm\">S\u00e2ngeorgiu Mure\u0219<\/a><br \/>\n<a href=\"\/\/vremea.ido.ro\/Bascov.htm\">Bascov<\/a><br \/>\n<a href=\"https:\/\/www.vremea.ro\/arges\/costesti\/\">Coste\u0219ti<\/a><br \/>\n<a href=\"https:\/\/www.vremea.ro\/brasov\/victoria\/\">Victoria<\/a><br \/>\n<a href=\"https:\/\/www.vremea.ro\/buzau\/pogoanele\/\">Pogoanele<\/a><br \/>\n<a href=\"https:\/\/www.vremea.ro\/maramures\/baiasprie\/\">B. Sprie<\/a><br \/>\n<a href=\"\/\/vremea.ido.ro\/Sabaoani~668364.htm\">S\u0103b\u0103oani<\/a><br \/>\n<a href=\"https:\/\/www.vremea.ro\/suceava\/campulungmoldovenesc\/\">Campulung<\/a><br \/>\n<a href=\"https:\/\/www.vremea.ro\/brasov\/fagaras\/\">F\u0103g\u0103ra\u0219<\/a><br \/>\n<a href=\"https:\/\/www.vremea.ro\/arad\/sebis\/\">Sebis<\/a><br \/>\n<a href=\"https:\/\/www.vremea.ro\/bihor\/marghita\/\">Marghita<\/a><br \/>\n<a href=\"\/\/www.vremea.ro\/botosani\/darabani\/\">Darabani<\/a><br \/>\n<a href=\"https:\/\/www.vremea.ro\/brasov\/zarnesti\/\">Zarnesti<\/a><br \/>\n<a href=\"\/\/www.vremea.ro\/vrancea\/adjud\/\">Adjud<\/a><br \/>\n<a href=\"https:\/\/www.vremea.ro\/constanta\/mangalia\/\">Mangalia<\/a><br \/>\n<a href=\"\/\/www.vremea.ro\/constanta\/negruvoda\/\">N. Voda<\/a><br \/>\n<a href=\"https:\/\/www.vremea.ro\/dolj\/dabuleni\/\">Dabuleni<\/a><br \/>\n<a href=\"https:\/\/www.vremea.ro\/constanta\/eforie\/\">Eforie<\/a><br \/>\n<a href=\"https:\/\/www.vremea.ro\/timis\/lugoj\/\">Lugoj<\/a><br \/>\n<a href=\"https:\/\/www.vremea.ro\/vrancea\/marasesti\/\">Marasesti<\/a><br \/>\n<a href=\"\/\/vremea.ido.ro\/Vladimirescu~662599.htm\">Vladimirescu<\/a><br \/>\n<a href=\"\/\/vremea.ido.ro\/Moisei~672921.htm\">Moisei<\/a><br \/>\n<a href=\"https:\/\/www.vremea.ro\/hunedoara\/petrila\/\">Petrila<\/a><br \/>\n<a href=\"https:\/\/www.vremea.ro\/suceava\/vatradornei\/\">Vatra Dornei<\/a><br \/>\n<a href=\"\/\/vremea.ido.ro\/Remetea~668984.htm\">Remetea<\/a><br \/>\n<a href=\"\/\/vremea.ido.ro\/Sanpetru~666957.htm\">S\u00e2npetru<\/a><\/p>\n","protected":false},"excerpt":{"rendered":"<p>Februarie este luna \u00een care \u00een \u021bara noastr\u0103 se produc cele mai multe episoade cu viscol \u0219i z\u0103pad\u0103 abundent\u0103 dintre toate lunile de iarn\u0103. Luna februarie 2020 se va abate \u00eens\u0103 de la aceast\u0103 regul\u0103, de\u0219i \u00een a dou\u0103 parte a lunii aspectul vremii va fi ceva mai hibernal.  <\/p>\n","protected":false},"author":1,"featured_media":2284,"comment_status":"open","ping_status":"closed","sticky":false,"template":"","format":"standard","meta":{"jetpack_post_was_ever_published":false,"_jetpack_newsletter_access":"","_jetpack_dont_email_post_to_subs":false,"_jetpack_newsletter_tier_id":0,"_jetpack_memberships_contains_paywalled_content":false,"_jetpack_memberships_contains_paid_content":false,"footnotes":""},"categories":[22],"tags":[5,12],"class_list":["post-2330","post","type-post","status-publish","format-standard","has-post-thumbnail","hentry","category-clima","tag-util","tag-vremea-in-februarie"],"jetpack_featured_media_url":"https:\/\/www.vremea.ro\/gt\/wp-content\/uploads\/2019\/12\/cover-fbi8.jpg","jetpack_sharing_enabled":true,"_links":{"self":[{"href":"https:\/\/www.vremea.ro\/gt\/wp-json\/wp\/v2\/posts\/2330","targetHints":{"allow":["GET"]}}],"collection":[{"href":"https:\/\/www.vremea.ro\/gt\/wp-json\/wp\/v2\/posts"}],"about":[{"href":"https:\/\/www.vremea.ro\/gt\/wp-json\/wp\/v2\/types\/post"}],"author":[{"embeddable":true,"href":"https:\/\/www.vremea.ro\/gt\/wp-json\/wp\/v2\/users\/1"}],"replies":[{"embeddable":true,"href":"https:\/\/www.vremea.ro\/gt\/wp-json\/wp\/v2\/comments?post=2330"}],"version-history":[{"count":18,"href":"https:\/\/www.vremea.ro\/gt\/wp-json\/wp\/v2\/posts\/2330\/revisions"}],"predecessor-version":[{"id":3050,"href":"https:\/\/www.vremea.ro\/gt\/wp-json\/wp\/v2\/posts\/2330\/revisions\/3050"}],"wp:featuredmedia":[{"embeddable":true,"href":"https:\/\/www.vremea.ro\/gt\/wp-json\/wp\/v2\/media\/2284"}],"wp:attachment":[{"href":"https:\/\/www.vremea.ro\/gt\/wp-json\/wp\/v2\/media?parent=2330"}],"wp:term":[{"taxonomy":"category","embeddable":true,"href":"https:\/\/www.vremea.ro\/gt\/wp-json\/wp\/v2\/categories?post=2330"},{"taxonomy":"post_tag","embeddable":true,"href":"https:\/\/www.vremea.ro\/gt\/wp-json\/wp\/v2\/tags?post=2330"}],"curies":[{"name":"wp","href":"https:\/\/api.w.org\/{rel}","templated":true}]}}