{"id":237,"date":"2015-03-01T17:42:42","date_gmt":"2015-03-01T14:42:42","guid":{"rendered":"http:\/\/www.vremea.ro\/?p=237"},"modified":"2017-01-16T09:41:16","modified_gmt":"2017-01-16T06:41:16","slug":"breviar-meteo-cum-a-fost-saptamana-23-februarie-1-martie-in-romania","status":"publish","type":"post","link":"https:\/\/www.vremea.ro\/gt\/breviar-meteo-cum-a-fost-saptamana-23-februarie-1-martie-in-romania\/","title":{"rendered":"Breviar meteo: cum a fost s\u0103pt\u0103m\u00e2na 23 februarie \u2013 1 martie \u00een Rom\u00e2nia"},"content":{"rendered":"<p>Inca din primele zile ale intervalului vremea la nivelul tarii noastre a fost in general inchisa si umeda, cu un aspect mai degraba de octombrie decat de ultima decada a lui februarie. Cauza pentru aceasta desfasurare de fenomene specifice toamnei si primaverii o constituie o despresiune mediteraneana stationara, plasata strategic in sudul Italiei, si care a parut de neclintit pana spre ziua de sambata. <!--more--><\/p>\n<p>Dar daca am fost sub influenta unui ciclon pe timpul iernii <strong>de ce a plouat si nu a nins<\/strong>?<\/p>\n<p>Explicatia sta in pozitionarea depresiunii, cu centrul ceva mai la sud-vest decat ar trebui, astfel tara noastra aflandu-se pe zona de front cald, exact pe banda transportoare de aer tropical din nordul Africii; orice depresiune are fronturi calde, reci si ocluse, iar noi ne-am aflat aproape in permanenta pe partea de advectie calda.<\/p>\n<p>Uneori, ninge si pe avansul fronturilor calde in Romania, dar trebuie sa se intruneasca anumiti parametri: infuzie de aer rece la nivele inferioare ale troposferei dinspre Rusia, strat de zapada asezat deja pe sol si o origine polara foarte rece a aerului care, odata coborat in Mediterana, formeaza respectivul ciclon.<\/p>\n<p>Acum insa, nu s-au intrunit niciunele dintre aceste conditii, astfel incat mai ales sudul tarii a beneficiat numai de ploi, pe alocuri destul de importante cantitativ. O sa insir cateva dintre valorile precipitatiilor cazute in prima jumatate a saptamanii: Focsani \u2013 39 mm, Sinaia \u2013 35 mm, Tulcea \u2013 30 mm, Buzau \u2013 16 mm, Cluj-Napoca \u2013 9 mm etc.<\/p>\n<p>Aceste precipitatii sunt cumulate pe parcursul a mai multor zile, astfel incat nu a fost nevoie de avertizari din partea meteorologilor, chiar daca solul este suprasaturat cu apa dupa o iarna si asa foarte umeda, mai ales in sudul tarii.<\/p>\n<p><strong>La munte<\/strong> la altitudini mai mari de 1500 de metri a nins, la Balea Lac chiar depunandu-se un strat nou consistent de zapada de circa 30 cm, grosimea totala a zapezii ajungand la 210 cm acolo.<\/p>\n<p>Temperaturile, dupa cum era de asteptat, au fost foarte ridicate pentru aceasta perioada a aerului, fiind in plina advectie tropicala. Nu s-au doborat recorduri, temperatura maxima in Romania inregistrata in acest interval fiind cu 7 grade mai scazuta decat recordul national de caldura absolut al lunii. A fost insa o vreme primavaratica, in pofida umezelii mari si a precipitatiilor temporare probabil ca multa lume s-a bucurat ca mai poate da jos cateva randuri de haine, mai ales ca au fost si unele perioade cand si soarele s-a vazut din plin.<\/p>\n<p>Cateva dintre temperaturile maxime inregistrate in tara noastra in aceasta perioada:<\/p>\n<p>Luni: Dumbraveni, 16,0 grade;<br \/>\nMarti: Stei si Gurahont, <strong>19 grade<\/strong>;<br \/>\nMiercuri: Fagaras si Zimnicea, 14 grade;<br \/>\nJoi: Medgidia, 17 grade;<br \/>\nVineri: Calarasi si Harsova, 17 grade;<br \/>\nSambata: Ramnicu-Valcea, 16 grade;<br \/>\nDuminica: Targu-Mures, 14 grade.<\/p>\n<p>Dupa cum se poate observa, nici urma de vreo racire pe tot parcursul intervalului, ci o vreme constant-calda.<\/p>\n<p>Odata cu apropierea sfarsitului de saptamana s-au produs poate si cele mai notabile fenomene din intreaga luna februarie in Romania. Pe arii destul de extinse pe parcursul zilei de sambata s-au semnalat <strong>furtuni cu decarcari electrice<\/strong> (chiar daca nu de mare amploare) in Transilvania si in dealurile subcarpatice din Muntenia.<\/p>\n<p>Izolat s-au inregistrat cantitati de apa moderate ca valoare (15 mm la Huedin). Cauza acestor fenomene o reprezinta avansul tot mai spre nord a unui aer instabil si umed dinspre Marea Mediterana, ce a ridicat indicii de instabilitate, iar in coroborare cu temperaturile foarte ridicate au dus la formarea norilor convectivi, cu o mare dezvoltare pe verticala. Si pe parcursul zilei de duminica s-au semnalat oraje in Transilvania, poate chiar mai intense decat sambata. Au mai existat astfel de manifestari si miercuri in extremitatea sudica a tarii, dar la un nivel mult mai izolat, numai statia Zimnicea raportand oraj.<\/p>\n<div id=\"attachment_238\" style=\"width: 310px\" class=\"wp-caption aligncenter\"><a href=\"http:\/\/www.vremea.ro\/gt\/wp-content\/uploads\/2015\/03\/breviarmeteo.jpg\"><img loading=\"lazy\" decoding=\"async\" aria-describedby=\"caption-attachment-238\" class=\"size-medium wp-image-238 \" alt=\"breviar meteo\" src=\"http:\/\/www.vremea.ro\/gt\/wp-content\/uploads\/2015\/03\/breviarmeteo-300x220.jpg\" width=\"300\" height=\"220\" srcset=\"https:\/\/www.vremea.ro\/gt\/wp-content\/uploads\/2015\/03\/breviarmeteo-300x220.jpg 300w, https:\/\/www.vremea.ro\/gt\/wp-content\/uploads\/2015\/03\/breviarmeteo.jpg 596w\" sizes=\"auto, (max-width: 300px) 100vw, 300px\" \/><\/a><p id=\"caption-attachment-238\" class=\"wp-caption-text\">imagine din satelit, spectrul vizibil. Se observa o furtuna cu descarcari electrice duminica in judetul Cluj. Sursa imagine: Eumetsat, via sat24.com.<\/p><\/div>\n<p>In concluzie, saptamana ce tocmai a trecut a fost marcata de fenomene interesate, de la anomalii termice pozitive extreme pana la descarcarile electrice atipice sezonului rece, dar saptamana care va veni se pare ca o sa ne mai rezerve si alte surprize. Dar mai mult despre asta vom discuta, ca de obicei, in rubrica \u201epreviziuni\u201d.<\/p>\n","protected":false},"excerpt":{"rendered":"<p>Inca din primele zile ale intervalului vremea la nivelul tarii noastre a fost in general inchisa si umeda, cu un aspect mai degraba de octombrie decat de ultima decada a lui februarie. Cauza pentru aceasta desfasurare de fenomene specifice toamnei si primaverii o constituie o despresiune mediteraneana stationara, plasata strategic in sudul Italiei, si care [&hellip;]<\/p>\n","protected":false},"author":1,"featured_media":238,"comment_status":"open","ping_status":"closed","sticky":false,"template":"","format":"standard","meta":{"jetpack_post_was_ever_published":false,"_jetpack_newsletter_access":"","_jetpack_dont_email_post_to_subs":true,"_jetpack_newsletter_tier_id":0,"_jetpack_memberships_contains_paywalled_content":false,"_jetpack_memberships_contains_paid_content":false,"footnotes":""},"categories":[6],"tags":[5,12],"class_list":["post-237","post","type-post","status-publish","format-standard","has-post-thumbnail","hentry","category-breviar","tag-util","tag-vremea-in-februarie"],"jetpack_featured_media_url":"https:\/\/www.vremea.ro\/gt\/wp-content\/uploads\/2015\/03\/breviarmeteo.jpg","jetpack_sharing_enabled":true,"_links":{"self":[{"href":"https:\/\/www.vremea.ro\/gt\/wp-json\/wp\/v2\/posts\/237","targetHints":{"allow":["GET"]}}],"collection":[{"href":"https:\/\/www.vremea.ro\/gt\/wp-json\/wp\/v2\/posts"}],"about":[{"href":"https:\/\/www.vremea.ro\/gt\/wp-json\/wp\/v2\/types\/post"}],"author":[{"embeddable":true,"href":"https:\/\/www.vremea.ro\/gt\/wp-json\/wp\/v2\/users\/1"}],"replies":[{"embeddable":true,"href":"https:\/\/www.vremea.ro\/gt\/wp-json\/wp\/v2\/comments?post=237"}],"version-history":[{"count":4,"href":"https:\/\/www.vremea.ro\/gt\/wp-json\/wp\/v2\/posts\/237\/revisions"}],"predecessor-version":[{"id":242,"href":"https:\/\/www.vremea.ro\/gt\/wp-json\/wp\/v2\/posts\/237\/revisions\/242"}],"wp:featuredmedia":[{"embeddable":true,"href":"https:\/\/www.vremea.ro\/gt\/wp-json\/wp\/v2\/media\/238"}],"wp:attachment":[{"href":"https:\/\/www.vremea.ro\/gt\/wp-json\/wp\/v2\/media?parent=237"}],"wp:term":[{"taxonomy":"category","embeddable":true,"href":"https:\/\/www.vremea.ro\/gt\/wp-json\/wp\/v2\/categories?post=237"},{"taxonomy":"post_tag","embeddable":true,"href":"https:\/\/www.vremea.ro\/gt\/wp-json\/wp\/v2\/tags?post=237"}],"curies":[{"name":"wp","href":"https:\/\/api.w.org\/{rel}","templated":true}]}}