{"id":2405,"date":"2020-02-20T12:11:39","date_gmt":"2020-02-20T10:11:39","guid":{"rendered":"https:\/\/www.vremea.ro\/gt\/?p=2405"},"modified":"2021-03-04T16:36:01","modified_gmt":"2021-03-04T14:36:01","slug":"vremea-in-luna-martie-2020","status":"publish","type":"post","link":"https:\/\/www.vremea.ro\/gt\/vremea-in-luna-martie-2020\/","title":{"rendered":"Cum va fi vremea \u00een luna martie 2020"},"content":{"rendered":"<p>Luna martie de-a lungul timpului \u00een Rom\u00e2nia a fost o \u201czon\u0103-tampon\u201d \u00eentre iarn\u0103 \u0219i prim\u0103var\u0103, de regul\u0103 ultimele zv\u00e2cniri ale iernii av\u00e2nd loc la \u00eenceputul lunii, \u00een timp ce a doua sa jum\u0103tate este marcat\u0103 de \u00eenc\u0103lzire accentuat\u0103, perioade cu v\u00e2nt intens \u0219i topirea z\u0103pezilor din zonele montane. <\/p>\n<p>Cu toate acestea, \u201czv\u00e2cnirile\u201d iernii care au loc \u00een primele 10-15 zile ale lunii nu sunt niciodat\u0103 de subestimat, av\u00e2nd ca exemple sezoanele reci 1992-1993 sau 2017-2018, c\u00e2nd fenomenele de iarn\u0103 cele mai severe din \u00eentregul sezon rece au avut loc \u00een martie. Vom detalia \u00een r\u00e2ndurile ce urmeaz\u0103 estim\u0103rile climatologice pentru luna martie, pentru a putea avea o idee dac\u0103 martie are \u0219anse reale s\u0103 fie o lun\u0103 analog cu cele din sezoanele reci mai-sus men\u021bionate.<br \/>\n<!--more--><\/p>\n<div id=\"attachment_2409\" style=\"width: 310px\" class=\"wp-caption aligncenter\"><a href=\"https:\/\/www.vremea.ro\/gt\/vremea-in-luna-martie-2020\/euprecmonind2-2\/\" rel=\"attachment wp-att-2409\"><img loading=\"lazy\" decoding=\"async\" aria-describedby=\"caption-attachment-2409\" src=\"https:\/\/www.vremea.ro\/gt\/wp-content\/uploads\/2020\/02\/euPrecMonInd2-300x232.gif\" alt=\"\" width=\"300\" height=\"232\" class=\"size-medium wp-image-2409\" srcset=\"https:\/\/www.vremea.ro\/gt\/wp-content\/uploads\/2020\/02\/euPrecMonInd2-300x232.gif 300w, https:\/\/www.vremea.ro\/gt\/wp-content\/uploads\/2020\/02\/euPrecMonInd2-768x593.gif 768w, https:\/\/www.vremea.ro\/gt\/wp-content\/uploads\/2020\/02\/euPrecMonInd2-1024x791.gif 1024w, https:\/\/www.vremea.ro\/gt\/wp-content\/uploads\/2020\/02\/euPrecMonInd2-624x482.gif 624w\" sizes=\"auto, (max-width: 300px) 100vw, 300px\" \/><\/a><p id=\"caption-attachment-2409\" class=\"wp-caption-text\">Abaterile cantit\u0103\u021bilor de precipita\u021bii estimate a se \u00eenregistra pe parcursul \u00eentregii luni martie. Apas\u0103 pe imagine pentru explica\u021bii. Sursa: NOAA, model CFSv2.<\/p><\/div>\n<h2>Vremea \u00een primele 10 zile din luna martie<\/h2>\n<p>Prima decad\u0103 a lunii martie va fi marcat\u0103 de o vreme destul de hibernal\u0103, cu ninsori consistente \u0219i viscol la munte, \u00eens\u0103 astfel de fenomene \u00ee\u0219i vor face apari\u021bia temporar \u0219i \u00een zonele mai joase de relief. <\/p>\n<p>\u00cen zonele extracarpatice nu este exclus\u0103 apari\u021bia unui viscol sever, \u00een condi\u021biile \u00een care r\u0103spunsul troposferic la \u00eenc\u0103lzirile stratosferice repetate din luna februarie (prin care intensitatea vortex-ului polar este sl\u0103bit\u0103) este a\u0219teptat chiar \u00een prima parte a lunii martie. <\/p>\n<p>Se vor acumula cantit\u0103\u021bi moderate de ap\u0103 \u00een toat\u0103 \u021bara, precipita\u021biile cele mai consistente urm\u00e2nd sa cad\u0103 \u00een vestul Mun\u021bilor Apuseni \u0219i \u00een nord-vestul Carpa\u021bilor Orientali. <\/p>\n<p>Din punct de vedere termic prima decad\u0103 va aduce o vreme normal\u0103, temperaturile urm\u00e2nd s\u0103 nu prezinte devia\u021bii importante fa\u021b\u0103 de media climatologic\u0103, mai ales \u00een sudul \u0219i estul \u021b\u0103rii. \u00cen regiunile intracarpatice media primei decade poate fi cu p\u00e2n\u0103 la 1 grad mai ridicat\u0103 fa\u021b\u0103 de normele climatologice. <\/p>\n<p><b><a href=\"#mail\"><span style=\"color:#3366ff\">Prime\u0219te urm\u0103toarea prognoz\u0103 pe email<\/span><\/a><\/b><\/p>\n<h2>Prognoza pentru zilele 11 &#8211; 20 ale lunii martie<\/h2>\n<p>A doua decad\u0103 a lunii martie va aduce un tipar mai dinamic al vremii, cu o circula\u021bie predominant\u0103 dinspre vest c\u0103tre est, fronturile atmosferice venite de deasupra Oceanului Atlantic urm\u00e2nd s\u0103 afecteze \u00een special regiunile intracarpatice prin ploi temporare, \u00eens\u0103 cantit\u0103\u021bile de ap\u0103 a\u0219teptate a se acumula nu vor fi semnificative. La \u0219es vor fi mai ales ploi, \u00een timp ce limita ninsorilor va urca p\u00e2n\u0103 spre altitudini de 1200-1500 de metri. <\/p>\n<p>Temperaturile vor cre\u0219te fa\u021b\u0103 de prima decad\u0103, \u00een condi\u021biile \u00een care pe partea anterioar\u0103 a fronturilor atmosferice va fi advectat un aer tropical. Cele mai importante abateri termice pozitive se vor \u00eenregistra \u00een sud-vest, unde (spre finalul decadei) vor fi \u0219i temperaturi maxime de p\u00e2n\u0103 la 20-22 de grade Celsius. <\/p>\n<p><b><a href=\"https:\/\/www.vremea.ro\/\" class=\"share-button twitter\"><span style=\"color:#000\">Vezi prognoza pentru ora\u0219ul t\u0103u<\/span><\/a><\/b><\/p>\n<h2>Prognoza pentru ultima parte a lunii martie<\/h2>\n<p>Ultima decad\u0103 a lunii martie va aduce o vreme stabil\u0103 \u00een \u021bara noastr\u0103-guvernat\u0103 de c\u0103tre anticiclonul azoric. \u00cen consecin\u021b\u0103, cerul va fi mai mult senin pe aproape \u00eentreg parcursul intervalului, iar precipita\u021biile vor fi cu mult sub media climatologic\u0103 a perioadei (practic aproape absente). <\/p>\n<p>\u00cen antagonie cu regimul precipita\u021biilor, valorile termice se vor situa cu p\u00e2n\u0103 la 3-4 grade Celsius peste media climatologic\u0103 a perioadei, cele mai importante abateri termice pozitive urm\u00e2nd s\u0103 se \u00eenregistreze \u00een estul Rom\u00e2niei. <\/p>\n<p>De\u0219i cerul senin de pe timpul nop\u021bilor va face ca temperaturile s\u0103 coboare spre pragul de 0 grade \u00een multe zone din \u021bar\u0103, cerul senin din cursul zilelor va favoriza o radia\u021bie intens\u0103, temperaturile maxime urm\u00e2nd s\u0103 ajung\u0103 p\u00e2n\u0103 aproape de pragul unei zile considerat\u0103 din punct de vedere climatologic a fi de var\u0103, respectiv 25 de grade Celsius (cu prec\u0103dere \u00een Banat \u0219i Oltenia). <\/p>\n<p>Vremea.ro ofer\u0103 prognoze pentru toate ora\u0219ele, urm\u0103toarele au fost ad\u0103ugate de cur\u00e2nd:<br \/>\n<a href=\"https:\/\/www.vremea.ro\/timis\/lugoj\/\">Lugoj<\/a> <a href=\"https:\/\/www.vremea.ro\/suceava\/vatradornei\/\">Vatra Dornei<\/a> <a href=\"https:\/\/www.vremea.ro\/arges\/campulung\/\">Campulung Arges<\/a> <a href=\"https:\/\/www.vremea.ro\/arges\/curteadearges\/\">Curtea de Arge\u0219<\/a> <a href=\"https:\/\/www.vremea.ro\/brasov\/fagaras\/\">F\u0103g\u0103ra\u0219<\/a> <a href=\"https:\/\/www.vremea.ro\/mures\/reghin\/\">Reghin<\/a> <a href=\"https:\/\/www.vremea.ro\/prahova\/busteni\/\">Busteni<\/a> <a href=\"https:\/\/www.vremea.ro\/brasov\/ghimbav\/\">Ghimbav<\/a> <a href=\"https:\/\/www.vremea.ro\/cluj\/dej\/\">Dej<\/a>.<\/p>\n<p>Afl\u0103 cum va fi <a href=\"https:\/\/www.vremea.ro\/maine\/\">vremea m\u00e2ine<\/a> \u00een Bucure\u0219ti.<\/p>\n","protected":false},"excerpt":{"rendered":"<p>Martie este de obicei o lun\u0103 de trecere \u00eentre iarn\u0103 \u0219i prim\u0103var\u0103. Vom detalia prognoza climatologic\u0103 pentru luna martie pentru a v\u0103 informa dac\u0103 martie are \u0219anse s\u0103 fie o lun\u0103 de iarn\u0103 sau de prim\u0103var\u0103. <\/p>\n","protected":false},"author":1,"featured_media":1841,"comment_status":"open","ping_status":"closed","sticky":false,"template":"","format":"standard","meta":{"jetpack_post_was_ever_published":false,"_jetpack_newsletter_access":"","_jetpack_dont_email_post_to_subs":false,"_jetpack_newsletter_tier_id":0,"_jetpack_memberships_contains_paywalled_content":false,"_jetpack_memberships_contains_paid_content":false,"footnotes":""},"categories":[22],"tags":[5,10],"class_list":["post-2405","post","type-post","status-publish","format-standard","has-post-thumbnail","hentry","category-clima","tag-util","tag-vremea-in-martie"],"jetpack_featured_media_url":"https:\/\/www.vremea.ro\/gt\/wp-content\/uploads\/2018\/11\/cover-fb.jpg","jetpack_sharing_enabled":true,"_links":{"self":[{"href":"https:\/\/www.vremea.ro\/gt\/wp-json\/wp\/v2\/posts\/2405","targetHints":{"allow":["GET"]}}],"collection":[{"href":"https:\/\/www.vremea.ro\/gt\/wp-json\/wp\/v2\/posts"}],"about":[{"href":"https:\/\/www.vremea.ro\/gt\/wp-json\/wp\/v2\/types\/post"}],"author":[{"embeddable":true,"href":"https:\/\/www.vremea.ro\/gt\/wp-json\/wp\/v2\/users\/1"}],"replies":[{"embeddable":true,"href":"https:\/\/www.vremea.ro\/gt\/wp-json\/wp\/v2\/comments?post=2405"}],"version-history":[{"count":12,"href":"https:\/\/www.vremea.ro\/gt\/wp-json\/wp\/v2\/posts\/2405\/revisions"}],"predecessor-version":[{"id":3128,"href":"https:\/\/www.vremea.ro\/gt\/wp-json\/wp\/v2\/posts\/2405\/revisions\/3128"}],"wp:featuredmedia":[{"embeddable":true,"href":"https:\/\/www.vremea.ro\/gt\/wp-json\/wp\/v2\/media\/1841"}],"wp:attachment":[{"href":"https:\/\/www.vremea.ro\/gt\/wp-json\/wp\/v2\/media?parent=2405"}],"wp:term":[{"taxonomy":"category","embeddable":true,"href":"https:\/\/www.vremea.ro\/gt\/wp-json\/wp\/v2\/categories?post=2405"},{"taxonomy":"post_tag","embeddable":true,"href":"https:\/\/www.vremea.ro\/gt\/wp-json\/wp\/v2\/tags?post=2405"}],"curies":[{"name":"wp","href":"https:\/\/api.w.org\/{rel}","templated":true}]}}