{"id":2675,"date":"2020-07-03T18:50:32","date_gmt":"2020-07-03T15:50:32","guid":{"rendered":"https:\/\/www.vremea.ro\/gt\/?p=2675"},"modified":"2020-07-03T18:50:32","modified_gmt":"2020-07-03T15:50:32","slug":"cum-va-fi-vremea-in-weekend-ul-4-5-iulie","status":"publish","type":"post","link":"https:\/\/www.vremea.ro\/gt\/cum-va-fi-vremea-in-weekend-ul-4-5-iulie\/","title":{"rendered":"Cum va fi vremea \u00een weekend-ul 4 &#8211; 5 iulie"},"content":{"rendered":"<p>O nou\u0103 arie de instabilitate atmosferic\u0103 va afecta \u021bara noastr\u0103 la finalul s\u0103pt\u0103m\u00e2nii, Rom\u00e2nia urm\u00e2nd s\u0103 beneficieze \u00een continuare de o circula\u021bie a aerului par\u021bial meridional\u0103 \u0219i par\u021bial tropical\u0103, astfel \u00eenc\u00e2t pe l\u00e2ng\u0103 ploile \u00een avers\u0103 care sunt a\u0219teptate s\u0103 cad\u0103 \u00eendeosebi \u00een regiunile intracarpatice, valorile de temperatur\u0103 a aerului nu vor fi prea \u00een concordan\u021b\u0103 cu aspectul cerului, astfel \u00eenc\u00e2t \u00eendeosebi \u00een Lunca Dun\u0103rii se vor atinge din nou valori de 35-36 de grade Celsius.<br \/>\n<!--more--><\/p>\n<p><strong>Sambata<\/strong> vremea va fi instabila in majoritatea regiunilor. Va ploua in averse pe arii extinse mai ales in centrul tarii, dar local si in nordul Munteniei, al Olteniei si in Moldova. In restul zonelor precipitatiile se vor semnala numai izolat. Vor fi mai ales furtuni cu descarcari electrice si grindina de dimensiuni mici si medii, iar pe alocuri cantitatile de apa vor ajunge pana la 30-40 de mm. <\/p>\n<p>Vantul va sufla slab pana la moderat in sud-vestul Olteniei si mai mult slab in restul teritoriului. <\/p>\n<p>Temperaturile maxime vor fi cuprinse in general intre 21 si 26 de grade Celsius in Transilvania si Maramures, 23-28 de grade in Banat si Crisana, 28-33 de grade in Oltenia, 30-35 de grade in Muntenia, vestul Dobrogei si sudul Moldovei, 25-30 de grade in centrul Moldovei si estul Dobrogei si 20-25 de grade in nordul Moldovei, cu cele mai scazute valori asteptate a se inregistra in zona Obcinelor Bucovinei.<\/p>\n<p><strong>Duminica<\/strong> vremea se va ameliora usor ca aspect, totusi averse de ploaie insotite de fenomene electrice si izolat de grindina isi vor mai face aparitia local in zona Carpatilor Orientali, in estul Transilvaniei, nordul Olteniei si al Munteniei si doar izolat in restul regiunilor. Razlet, cantitatile de apa vor mai ajunge pana la 20-30 de mm, mai ales in zona Subcarpatilor Getici. <\/p>\n<p>Vantul va sufla slab pana la moderat in sudul Moldovei si al Banatului si mai mult slab in celelalte zone alte tarii. <\/p>\n<p>Temperaturile maxime se vor incadra in general intre 22 si 27 de grade in Transilvania si Maramures, 25-30 de grade in Banat si Crisana (cu cele mai ridicate valori asteptate a se inregistra in sudul Banatului), 28-33 de grade in Oltenia, Muntenia, Dobrogea si sudul Moldovei si 23-28 de grade Celsius in nordul Moldovei.<\/p>\n<div id=\"attachment_2676\" style=\"width: 310px\" class=\"wp-caption aligncenter\"><a href=\"https:\/\/www.vremea.ro\/gt\/cum-va-fi-vremea-in-weekend-ul-4-5-iulie\/de_model-de-310-1_modez_2020070300_69_958_157\/\" rel=\"attachment wp-att-2676\"><img loading=\"lazy\" decoding=\"async\" aria-describedby=\"caption-attachment-2676\" src=\"https:\/\/www.vremea.ro\/gt\/wp-content\/uploads\/2020\/07\/de_model-de-310-1_modez_2020070300_69_958_157-300x300.png\" alt=\"\" width=\"300\" height=\"300\" class=\"size-medium wp-image-2676\" srcset=\"https:\/\/www.vremea.ro\/gt\/wp-content\/uploads\/2020\/07\/de_model-de-310-1_modez_2020070300_69_958_157-300x300.png 300w, https:\/\/www.vremea.ro\/gt\/wp-content\/uploads\/2020\/07\/de_model-de-310-1_modez_2020070300_69_958_157-150x150.png 150w, https:\/\/www.vremea.ro\/gt\/wp-content\/uploads\/2020\/07\/de_model-de-310-1_modez_2020070300_69_958_157-624x624.png 624w, https:\/\/www.vremea.ro\/gt\/wp-content\/uploads\/2020\/07\/de_model-de-310-1_modez_2020070300_69_958_157.png 760w\" sizes=\"auto, (max-width: 300px) 100vw, 300px\" \/><\/a><p id=\"caption-attachment-2676\" class=\"wp-caption-text\">Cantitatile de apa estimate a se acumula pana in noaptea de duminica spre luni. Va ploua in averse in mare parte din tara, dar mai cu seama in interiorul arcului carpatic, unde izolat se vor strange cantitati de apa de pana la 40-50 de mm pe intreg parcursul intervalului. Sursa: kachelmannwetter.com, model ECMWF.<\/p><\/div>\n","protected":false},"excerpt":{"rendered":"<p>O nou\u0103 arie de instabilitate atmosferic\u0103 va afecta \u021bara noastr\u0103 la finalul s\u0103pt\u0103m\u00e2nii, Rom\u00e2nia urm\u00e2nd s\u0103 beneficieze \u00een continuare de o circula\u021bie a aerului par\u021bial meridional\u0103 \u0219i par\u021bial tropical\u0103, astfel \u00eenc\u00e2t pe l\u00e2ng\u0103 ploile \u00een avers\u0103 care sunt a\u0219teptate s\u0103 cad\u0103 \u00eendeosebi \u00een regiunile intracarpatice, valorile de temperatur\u0103 a aerului nu vor fi prea \u00een concordan\u021b\u0103 cu aspectul cerului, astfel \u00eenc\u00e2t \u00eendeosebi \u00een Lunca Dun\u0103rii se vor atinge din nou valori de 35-36 de grade Celsius. <\/p>\n","protected":false},"author":1,"featured_media":2462,"comment_status":"open","ping_status":"closed","sticky":false,"template":"","format":"standard","meta":{"jetpack_post_was_ever_published":false,"_jetpack_newsletter_access":"","_jetpack_dont_email_post_to_subs":false,"_jetpack_newsletter_tier_id":0,"_jetpack_memberships_contains_paywalled_content":false,"_jetpack_memberships_contains_paid_content":false,"footnotes":""},"categories":[9],"tags":[5,16],"class_list":["post-2675","post","type-post","status-publish","format-standard","has-post-thumbnail","hentry","category-weekend","tag-util","tag-vremea-in-iulie"],"jetpack_featured_media_url":"https:\/\/www.vremea.ro\/gt\/wp-content\/uploads\/2020\/03\/og-image-v5.jpg","jetpack_sharing_enabled":true,"_links":{"self":[{"href":"https:\/\/www.vremea.ro\/gt\/wp-json\/wp\/v2\/posts\/2675","targetHints":{"allow":["GET"]}}],"collection":[{"href":"https:\/\/www.vremea.ro\/gt\/wp-json\/wp\/v2\/posts"}],"about":[{"href":"https:\/\/www.vremea.ro\/gt\/wp-json\/wp\/v2\/types\/post"}],"author":[{"embeddable":true,"href":"https:\/\/www.vremea.ro\/gt\/wp-json\/wp\/v2\/users\/1"}],"replies":[{"embeddable":true,"href":"https:\/\/www.vremea.ro\/gt\/wp-json\/wp\/v2\/comments?post=2675"}],"version-history":[{"count":2,"href":"https:\/\/www.vremea.ro\/gt\/wp-json\/wp\/v2\/posts\/2675\/revisions"}],"predecessor-version":[{"id":2678,"href":"https:\/\/www.vremea.ro\/gt\/wp-json\/wp\/v2\/posts\/2675\/revisions\/2678"}],"wp:featuredmedia":[{"embeddable":true,"href":"https:\/\/www.vremea.ro\/gt\/wp-json\/wp\/v2\/media\/2462"}],"wp:attachment":[{"href":"https:\/\/www.vremea.ro\/gt\/wp-json\/wp\/v2\/media?parent=2675"}],"wp:term":[{"taxonomy":"category","embeddable":true,"href":"https:\/\/www.vremea.ro\/gt\/wp-json\/wp\/v2\/categories?post=2675"},{"taxonomy":"post_tag","embeddable":true,"href":"https:\/\/www.vremea.ro\/gt\/wp-json\/wp\/v2\/tags?post=2675"}],"curies":[{"name":"wp","href":"https:\/\/api.w.org\/{rel}","templated":true}]}}